{"id":56,"date":"2020-03-11T12:23:38","date_gmt":"2020-03-11T15:23:38","guid":{"rendered":"http:\/\/dragonlibre.net\/?p=56"},"modified":"2020-03-11T12:23:38","modified_gmt":"2020-03-11T15:23:38","slug":"un-congreso-partidario-desde-una-mirada-personal","status":"publish","type":"post","link":"https:\/\/dragonlibre.net\/index.php\/2020\/03\/11\/un-congreso-partidario-desde-una-mirada-personal\/","title":{"rendered":"Un congreso partidario desde una mirada personal"},"content":{"rendered":"<p>Hay gente que imagina a la militancia partidaria como una actividad cerrada, dogm\u00e1tica, fan\u00e1tica e inflexible. O, peor a\u00fan, cree que se trata de una actividad rentada por intereses extra\u00f1os, que encubre el af\u00e1n de obtener beneficios personales. Hay un discurso impreciso que surge en los medios de comunicaci\u00f3n, de las experiencias negativas de ex militantes, y del discurso de algunas corrientes pol\u00edticas.<\/p>\n<p>Desacreditar la militancia partidaria, y toda militancia en general, es sin duda una forma de estigmatizar la solidaridad, pintando como \u00fanico motor posible el inter\u00e9s individual. Se trata, claro, de una visi\u00f3n perfectamente funcional a un modelo de sociedad que pone al lucro, a la ganancia, al \u00e9xito econ\u00f3mico individual, como los valores aceptables; el capitalismo con sus variantes necesita que ese esquema tenga la mayor aceptaci\u00f3n posible, al tiempo que desacredita a quienes intentan construir un mundo diferente.<\/p>\n<figure id=\"attachment_67\" aria-describedby=\"caption-attachment-67\" style=\"width: 361px\" class=\"wp-caption alignleft\"><a href=\"http:\/\/dragonlibre.net\/wp-content\/uploads\/2020\/03\/IMG-20200106-WA0012.jpg\"><img loading=\"lazy\" decoding=\"async\" class=\" wp-image-67\" src=\"http:\/\/dragonlibre.net\/wp-content\/uploads\/2020\/03\/IMG-20200106-WA0012.jpg\" alt=\"\" width=\"361\" height=\"271\" \/><\/a><figcaption id=\"caption-attachment-67\" class=\"wp-caption-text\">La solidaridad con la lucha de los pueblos latinoamericanos fue uno de los acuerdos importantes.<\/figcaption><\/figure>\n<p>Esos estereotipos tienen ciertos asideros que lo hacen cre\u00edble. En los partidos tradicionales (aunque tambi\u00e9n en algunos que se plantean como rebeldes), son habituales el clientelismo y la dispensa de cargos desde el poder. Por eso no extra\u00f1a mucho ver a &#8220;militantes&#8221; que despliegan energ\u00edas en v\u00edsperas de elecciones, o que cambian de la noche a la ma\u00f1ana la camiseta o el candidato que dicen apoyar, con tal de estar m\u00e1s cerca de una posici\u00f3n bien remunerada.<\/p>\n<p>De lo que quiero hablar aqu\u00ed es de otro tipo de partidos: de los que se plantean cambiar la sociedad, jugar un rol destacado en transformar el pa\u00eds (y el mundo); de los que buscan estudiar la realidad concreta, no para publicar papers ni para edulcorar la culpa, sino para generar un poder diferente, de base.<\/p>\n<p>En los primeros d\u00edas del a\u00f1o tuve la oportunidad de participar del XIV Congreso nacional del Partido de la Liberaci\u00f3n (soy militante de esa organizaci\u00f3n desde hace algunos a\u00f1os, aunque sin los niveles de compromiso que deber\u00eda tener). Fue la primera vez que estuve presente en esa instancia, viendo y escuchando en tiempo real los debates, las opiniones, las experiencias, que conforman el evento m\u00e1s importante de una organizaci\u00f3n pol\u00edtica democr\u00e1tica de izquierda.<\/p>\n<p>Algunos aspectos que me llamaron especialmente la atenci\u00f3n:<\/p>\n<ul>\n<li>Contra lo que piensan, imaginan o creen muchas personas, en ese Congreso hubo debates libres y francos; se plantearon posturas diferentes en algunos temas, con respeto y predisposici\u00f3n de las compa\u00f1eras y los compa\u00f1eros intervinientes. Las voces m\u00e1s apreciadas no lo fueron por su ubicaci\u00f3n en la estructura org\u00e1nica; en todo caso, contaba la capacidad de expresar visiones de muchxs o todxs lxs asistentes, o la trayectoria de militancia que les daba sustento.<\/li>\n<li>Aunque hay compa\u00f1erxs a quienes se les valora especialmente (por historia, por consecuencia, por claridad ideol\u00f3gica y pol\u00edtica), no hay &#8220;palabra santa&#8221;. A nadie se le acepta su postura s\u00f3lo por el curriculum. Se discuti\u00f3 todo lo que se quiso o se consider\u00f3 pertinente discutir, dentro de los l\u00edmites temporales de un Congreso.<\/li>\n<li>Hay partidos cuyo discurso (y, conf\u00edo, la convicci\u00f3n de muchxs de sus militantes) se ubica a la izquierda, pero permiten en su seno pr\u00e1cticas clientelares y\/o priorizan el acceso a cargos estatales (legisladores, concejales, funcionarios de gobierno), a\u00fan a costa de &#8220;ceder&#8221; en algunos principios. No hay recetas contra ese tipo de desviaciones, pero un buen indicativo es la conformaci\u00f3n de la conducci\u00f3n respecto de su posici\u00f3n de clase &#8220;en s\u00ed&#8221;: todxs lxs asistentes al Congreso viven de su trabajo (contando 2 jubiladxs). No hubo empresarios, no hubo funcionarios, no hubo compa\u00f1erxs con deudas pol\u00edticas para con ning\u00fan espacio, nadie que viviera del sudor ajeno. Antes de que lo plantee alg\u00fan cr\u00edtico en modo troll, remarco que esa caracter\u00edstica no es una garant\u00eda de nada (remito a los conceptos de &#8220;clase en s\u00ed&#8221; y &#8220;clase para s\u00ed&#8221;), pero me hizo sentir m\u00e1s confianza, m\u00e1s tranquilidad.<\/li>\n<li>Las normas partidarias no prev\u00e9n la &#8220;paridad de g\u00e9nero&#8221;. Sin embargo, la conformaci\u00f3n del nuevo Comit\u00e9 Central tiene igual n\u00famero de varones que de mujeres; y -hasta donde s\u00e9- es el \u00fanico partido de izquierda con una mujer como m\u00e1xima referente: Irina Santesteban. Eso refleja el crecimiento de las luchas de feministas en la sociedad y tambi\u00e9n la capacidad del partido para dar cuenta de ello (hablar las causas de esa capacidad requerir\u00edan un an\u00e1lisis aparte). Merece un reconocimiento especial la labor de la Agrupaci\u00f3n de Mujeres y Disidencias Beatriz Perosio, impulsada por el PL pero donde participan compa\u00f1eres que no est\u00e1n en el partido, conformando con hechos y teor\u00eda (praxis) un feminismo.<\/li>\n<li>De las intervenciones, y aunque hubo diferencias, qued\u00f3 claro que exist\u00eda un alto grado de acuerdo sobre cuestiones centrales: el diagn\u00f3stico de la situaci\u00f3n, los lineamientos a corto y mediano plazo, los objetivos estrat\u00e9gicos. No se pueden hacer reuniones como esta con mucha frecuencia (factores organizativos y econ\u00f3micos, fundamentalmente), pero las deliberaciones me dan una convicci\u00f3n razonable de que se mantendr\u00e1 la cohesi\u00f3n, m\u00e1s all\u00e1 que haya algunas diferencias entre regionales en virtud de sus realidades concretas; adem\u00e1s, seguir\u00e1n habiendo instancias de debate. aunque no sean &#8220;cara a cara&#8221; entre una n\u00famero de militantes m\u00e1s amplio. De esto se trata el Centralismo Democr\u00e1tico.<\/li>\n<\/ul>\n<p>Se trata de conjugar trayectorias y experiencias diversas. No es f\u00e1cil, y no hay garant\u00edas de \u00e9xito, no hay f\u00f3rmula m\u00e1gica. Lo mejor que podemos hacer es actuar y analizar sobre nuestra realidad concreta. Como dec\u00eda Lenin de los comunistas alemanes all\u00e1 por 1920, &#8220;s\u00f3lo un charlat\u00e1n podr\u00eda prometer a los obreros y a los comunistas alemanes un camino &#8216;f\u00e1cil&#8217; para alcanzar la victoria&#8221;. Pero hay que ser conscientes de que las batallas que hay que dar requieren de todas las fuerzas, y que juntarlas y articularlas es una de las tareas que nos compete a todxs quienes queremos un cambio revolucionario.<\/p>\n<p>Del Congreso surgieron 2 cuestiones fundamentales: la necesidad de no pagar la deuda externa y exigir la libertad de lxs presxs pol\u00edticxs; y eso no significa descartar formulaciones que nos lleven en esos caminos (como una auditor\u00eda de la deuda para descartar la que sea &#8220;odiosa&#8221; o ileg\u00edtima; amnist\u00eda, indulto o revisi\u00f3n de causas para quienes est\u00e1n privados de libertad por razones pol\u00edticas y mediante procesos ama\u00f1ados). Tenemos que tener claro a d\u00f3nde apuntar y qu\u00e9 cosas van en el mismo sentido.<\/p>\n<p>Se puede leer un resumen oficial del Congreso <a href=\"https:\/\/partidoliberacion.org\/2020\/02\/fue-exitoso-el-xiv-congreso-nacional-del-pl\/\">en la web<\/a> del Partido o en su prensa mensual (Liberaci\u00f3n).<\/p>\n","protected":false},"excerpt":{"rendered":"<p>Hay gente que imagina a la militancia partidaria como una actividad cerrada, dogm\u00e1tica, fan\u00e1tica e inflexible. O, peor a\u00fan, cree que se trata de una actividad rentada por intereses extra\u00f1os, que encubre el af\u00e1n de obtener beneficios personales. Hay un discurso impreciso que surge en los medios de comunicaci\u00f3n, de [&hellip;]<\/p>\n","protected":false},"author":1,"featured_media":67,"comment_status":"open","ping_status":"open","sticky":false,"template":"","format":"standard","meta":{"_jetpack_memberships_contains_paid_content":false,"footnotes":"","jetpack_publicize_message":"Relato mi experiencia en el Congreso del PL, para compartir mi mirada personal y desmontar prejuicios contra las organizaciones pol\u00edticas.","jetpack_publicize_feature_enabled":true,"jetpack_social_post_already_shared":true,"jetpack_social_options":{"image_generator_settings":{"template":"highway","default_image_id":0,"font":"","enabled":false},"version":2}},"categories":[5],"tags":[],"class_list":["post-56","post","type-post","status-publish","format-standard","has-post-thumbnail","hentry","category-politica"],"jetpack_publicize_connections":[],"jetpack_featured_media_url":"https:\/\/dragonlibre.net\/wp-content\/uploads\/2020\/03\/IMG-20200106-WA0012.jpg","jetpack_sharing_enabled":true,"_links":{"self":[{"href":"https:\/\/dragonlibre.net\/index.php\/wp-json\/wp\/v2\/posts\/56","targetHints":{"allow":["GET"]}}],"collection":[{"href":"https:\/\/dragonlibre.net\/index.php\/wp-json\/wp\/v2\/posts"}],"about":[{"href":"https:\/\/dragonlibre.net\/index.php\/wp-json\/wp\/v2\/types\/post"}],"author":[{"embeddable":true,"href":"https:\/\/dragonlibre.net\/index.php\/wp-json\/wp\/v2\/users\/1"}],"replies":[{"embeddable":true,"href":"https:\/\/dragonlibre.net\/index.php\/wp-json\/wp\/v2\/comments?post=56"}],"version-history":[{"count":10,"href":"https:\/\/dragonlibre.net\/index.php\/wp-json\/wp\/v2\/posts\/56\/revisions"}],"predecessor-version":[{"id":68,"href":"https:\/\/dragonlibre.net\/index.php\/wp-json\/wp\/v2\/posts\/56\/revisions\/68"}],"wp:featuredmedia":[{"embeddable":true,"href":"https:\/\/dragonlibre.net\/index.php\/wp-json\/wp\/v2\/media\/67"}],"wp:attachment":[{"href":"https:\/\/dragonlibre.net\/index.php\/wp-json\/wp\/v2\/media?parent=56"}],"wp:term":[{"taxonomy":"category","embeddable":true,"href":"https:\/\/dragonlibre.net\/index.php\/wp-json\/wp\/v2\/categories?post=56"},{"taxonomy":"post_tag","embeddable":true,"href":"https:\/\/dragonlibre.net\/index.php\/wp-json\/wp\/v2\/tags?post=56"}],"curies":[{"name":"wp","href":"https:\/\/api.w.org\/{rel}","templated":true}]}}